{"id":3532,"date":"2026-08-31T20:07:53","date_gmt":"2026-08-31T20:07:53","guid":{"rendered":"https:\/\/www.tibetgermany.de\/?p=3532"},"modified":"2026-08-31T20:08:45","modified_gmt":"2026-08-31T20:08:45","slug":"5-generalversammlung-der-tibetischen-gemeinschaften-in-europa","status":"publish","type":"post","link":"https:\/\/www.tibetgermany.de\/de\/5-generalversammlung-der-tibetischen-gemeinschaften-in-europa\/","title":{"rendered":"5. Generalversammlung der tibetischen Gemeinschaften in Europa"},"content":{"rendered":"<p class=\"wp-block-paragraph\">Berlin, 31. August 2026 \u2013 Vom 29. bis 30. August fand in Berlin die 5. Generalversammlung der tibetischen Gemeinschaften in Europa statt. Die von der Verein der Tibeter in Deutschland e.V (VTD) und dem Office of Tibet in Genf, Schweiz, organisierte Konferenz versammelte Pr\u00e4sidenten, Vizepr\u00e4sidenten und Delegierte tibetischer Verb\u00e4nde aus zw\u00f6lf europ\u00e4ischen L\u00e4ndern.<\/p>\n\n\n\n<p class=\"wp-block-paragraph\">Teil nahmen unter anderem die europ\u00e4ischen tibetischen Parlamentarier Thupten Gyatso und Tenzin Yangkar, drei Vertreter Seiner Heiligkeit des Dalai Lama, der Sekret\u00e4r des Bureau du Tibet in Paris, der European Tibetan Liaison Officer, Tenchoe Gyatso, Pr\u00e4sident der International Campaign for Tibet sowie Pr\u00e4sidenten, Vizepr\u00e4sidenten und Delegierte der tibetischen Verb\u00e4nde und Gemeinschaften aus zw\u00f6lf europ\u00e4ischen L\u00e4ndern teil.<\/p>\n\n\n\n<p class=\"wp-block-paragraph\">Im Mittelpunkt standen die politische Situation Tibets, der Erhalt der tibetischen Identit\u00e4t und die St\u00e4rkung der europ\u00e4ischen Tibet-Politik. Die Konferenz verabschiedete mehrere Resolutionen und Beschl\u00fcsse, darunter die Organisation einer europaweiten Gedenkveranstaltung zum tibetischen Nationalaufstandstag 2027 in Berlin.<\/p>\n\n\n\n<p class=\"wp-block-paragraph\">Mit Blick auf die seit dem 1. Juli 2026 umgesetzten chinesischen Ma\u00dfnahmen zur sogenannten \u201eethnischen Einheit\u201c \u00e4u\u00dferten die Teilnehmer gro\u00dfe Besorgnis \u00fcber die weitere Einschr\u00e4nkung der tibetischen Sprache, Kultur und Identit\u00e4t. Als Reaktion sollen die tibetischen Wochenendschulen in Europa gest\u00e4rkt und 2028 eine Europ\u00e4ische Konvention zur Bewahrung der tibetischen Identit\u00e4t durchgef\u00fchrt werden.<\/p>\n\n\n\n<p class=\"wp-block-paragraph\">Dar\u00fcber hinaus beschlossen die Delegierten, die politische Tibet-Arbeit in Europa zu intensivieren, den Dialog mit Regierungen und Parlamenten auszubauen und die \u00d6ffentlichkeit st\u00e4rker f\u00fcr die Tibet-Frage zu sensibilisieren.<\/p>\n\n\n\n<figure class=\"wp-block-gallery has-nested-images columns-default is-cropped wp-block-gallery-1 is-layout-flex wp-block-gallery-is-layout-flex\">\n<figure class=\"wp-block-image aligncenter size-large\"><img loading=\"lazy\" decoding=\"async\" width=\"473\" height=\"1024\" data-id=\"3537\" src=\"https:\/\/www.tibetgermany.de\/wp-content\/uploads\/2026\/08\/WhatsApp-Image-2026-08-31-at-17.21.32-2-473x1024.jpeg\" alt=\"\" class=\"wp-image-3537\"\/><\/figure>\n\n\n\n<figure class=\"wp-block-image aligncenter size-large\"><img loading=\"lazy\" decoding=\"async\" width=\"473\" height=\"1024\" data-id=\"3536\" src=\"https:\/\/www.tibetgermany.de\/wp-content\/uploads\/2026\/08\/Karma-Tenphel-1-473x1024.jpeg\" alt=\"\" class=\"wp-image-3536\"\/><\/figure>\n<\/figure>\n\n\n\n<p class=\"wp-block-paragraph\">Die Generalversammlung bekr\u00e4ftigte damit den gemeinsamen politischen Willen der tibetischen Gemeinschaften in Europa, ihre Zusammenarbeit zu st\u00e4rken und die Tibet-Frage weiterhin auf der politischen Agenda Europas zu halten.<\/p>\n\n\n\n<p class=\"wp-block-paragraph\">Zum Abschluss dankte Herr Dundup Donka, Pr\u00e4sident des Vereins der Tibeter in Deutschland e.V. (VTD), allen Teilnehmerinnen und Teilnehmern f\u00fcr ihre engagierte Mitwirkung. In seinem Schlusswort unterstrich er die politische Bedeutung der Geschlossenheit der tibetischen Gemeinschaft: \u201eDie Tibeter waren vereint, wir sind vereint und wir werden vereint bleiben.\u201c Diese Einheit sei die Grundlage daf\u00fcr, die tibetische Stimme in Europa geschlossen und entschlossen zu vertreten, die tibetische Identit\u00e4t zu bewahren und die Tibet-Frage weiterhin auf der politischen Agenda Europas zu halten.<\/p>\n\n\n\n<figure class=\"wp-block-gallery has-nested-images columns-default is-cropped wp-block-gallery-2 is-layout-flex wp-block-gallery-is-layout-flex\">\n<figure class=\"wp-block-image size-large\"><img loading=\"lazy\" decoding=\"async\" width=\"473\" height=\"1024\" data-id=\"3542\" src=\"https:\/\/www.tibetgermany.de\/wp-content\/uploads\/2026\/08\/WhatsApp-Image-2026-08-31-at-17.21.31-1-473x1024.jpeg\" alt=\"\" class=\"wp-image-3542\"\/><\/figure>\n\n\n\n<figure class=\"wp-block-image size-large\"><img loading=\"lazy\" decoding=\"async\" width=\"473\" height=\"1024\" data-id=\"3571\" src=\"https:\/\/www.tibetgermany.de\/wp-content\/uploads\/2026\/08\/WhatsApp-Image-2026-08-31-at-17.21.31-473x1024.jpeg\" alt=\"\" class=\"wp-image-3571\"\/><\/figure>\n\n\n\n<figure class=\"wp-block-image size-large\"><img loading=\"lazy\" decoding=\"async\" width=\"473\" height=\"1024\" data-id=\"3555\" src=\"https:\/\/www.tibetgermany.de\/wp-content\/uploads\/2026\/08\/WhatsApp-Image-2026-08-31-at-17.21.32-3-473x1024.jpeg\" alt=\"\" class=\"wp-image-3555\"\/><\/figure>\n\n\n\n<figure class=\"wp-block-image size-large\"><img loading=\"lazy\" decoding=\"async\" width=\"473\" height=\"1024\" data-id=\"3544\" src=\"https:\/\/www.tibetgermany.de\/wp-content\/uploads\/2026\/08\/WhatsApp-Image-2026-08-31-at-17.21.32-4-473x1024.jpeg\" alt=\"\" class=\"wp-image-3544\"\/><\/figure>\n\n\n\n<figure class=\"wp-block-image size-large\"><img loading=\"lazy\" decoding=\"async\" width=\"473\" height=\"1024\" data-id=\"3554\" src=\"https:\/\/www.tibetgermany.de\/wp-content\/uploads\/2026\/08\/WhatsApp-Image-2026-08-31-at-17.21.32-5-473x1024.jpeg\" alt=\"\" class=\"wp-image-3554\"\/><\/figure>\n\n\n\n<figure class=\"wp-block-image size-large\"><img loading=\"lazy\" decoding=\"async\" width=\"472\" height=\"1024\" data-id=\"3545\" src=\"https:\/\/www.tibetgermany.de\/wp-content\/uploads\/2026\/08\/WhatsApp-Image-2026-08-31-at-17.21.32-6-472x1024.jpeg\" alt=\"\" class=\"wp-image-3545\"\/><\/figure>\n\n\n\n<figure class=\"wp-block-image size-large\"><img loading=\"lazy\" decoding=\"async\" width=\"473\" height=\"1024\" data-id=\"3552\" src=\"https:\/\/www.tibetgermany.de\/wp-content\/uploads\/2026\/08\/WhatsApp-Image-2026-08-31-at-17.21.32-7-473x1024.jpeg\" alt=\"\" class=\"wp-image-3552\"\/><\/figure>\n\n\n\n<figure class=\"wp-block-image size-large\"><img loading=\"lazy\" decoding=\"async\" width=\"473\" height=\"1024\" data-id=\"3548\" src=\"https:\/\/www.tibetgermany.de\/wp-content\/uploads\/2026\/08\/WhatsApp-Image-2026-08-31-at-17.21.32-8-473x1024.jpeg\" alt=\"\" class=\"wp-image-3548\"\/><\/figure>\n\n\n\n<figure class=\"wp-block-image size-large\"><img loading=\"lazy\" decoding=\"async\" width=\"473\" height=\"1024\" data-id=\"3561\" src=\"https:\/\/www.tibetgermany.de\/wp-content\/uploads\/2026\/08\/WhatsApp-Image-2026-08-31-at-17.21.32-9-473x1024.jpeg\" alt=\"\" class=\"wp-image-3561\"\/><\/figure>\n\n\n\n<figure class=\"wp-block-image size-large\"><img loading=\"lazy\" decoding=\"async\" width=\"473\" height=\"1024\" data-id=\"3570\" src=\"https:\/\/www.tibetgermany.de\/wp-content\/uploads\/2026\/08\/WhatsApp-Image-2026-08-31-at-17.21.31-2-473x1024.jpeg\" alt=\"\" class=\"wp-image-3570\"\/><\/figure>\n\n\n\n<figure class=\"wp-block-image size-large\"><img loading=\"lazy\" decoding=\"async\" width=\"473\" height=\"1024\" data-id=\"3559\" src=\"https:\/\/www.tibetgermany.de\/wp-content\/uploads\/2026\/08\/WhatsApp-Image-2026-08-31-at-17.21.32-10-473x1024.jpeg\" alt=\"\" class=\"wp-image-3559\"\/><\/figure>\n\n\n\n<figure class=\"wp-block-image size-large\"><img loading=\"lazy\" decoding=\"async\" width=\"473\" height=\"1024\" data-id=\"3558\" src=\"https:\/\/www.tibetgermany.de\/wp-content\/uploads\/2026\/08\/WhatsApp-Image-2026-08-31-at-17.21.32-11-473x1024.jpeg\" alt=\"\" class=\"wp-image-3558\"\/><\/figure>\n\n\n\n<figure class=\"wp-block-image size-large\"><img loading=\"lazy\" decoding=\"async\" width=\"473\" height=\"1024\" data-id=\"3557\" src=\"https:\/\/www.tibetgermany.de\/wp-content\/uploads\/2026\/08\/WhatsApp-Image-2026-08-31-at-17.21.32-12-473x1024.jpeg\" alt=\"\" class=\"wp-image-3557\"\/><\/figure>\n\n\n\n<figure class=\"wp-block-image size-large\"><img loading=\"lazy\" decoding=\"async\" width=\"473\" height=\"1024\" data-id=\"3551\" src=\"https:\/\/www.tibetgermany.de\/wp-content\/uploads\/2026\/08\/WhatsApp-Image-2026-08-31-at-17.21.32-13-473x1024.jpeg\" alt=\"\" class=\"wp-image-3551\"\/><\/figure>\n\n\n\n<figure class=\"wp-block-image size-large\"><img loading=\"lazy\" decoding=\"async\" width=\"473\" height=\"1024\" data-id=\"3539\" src=\"https:\/\/www.tibetgermany.de\/wp-content\/uploads\/2026\/08\/WhatsApp-Image-2026-08-31-at-17.21.32-14-473x1024.jpeg\" alt=\"\" class=\"wp-image-3539\"\/><\/figure>\n\n\n\n<figure class=\"wp-block-image size-large\"><img loading=\"lazy\" decoding=\"async\" width=\"473\" height=\"1024\" data-id=\"3556\" src=\"https:\/\/www.tibetgermany.de\/wp-content\/uploads\/2026\/08\/WhatsApp-Image-2026-08-31-at-17.21.32-15-473x1024.jpeg\" alt=\"\" class=\"wp-image-3556\"\/><\/figure>\n\n\n\n<figure class=\"wp-block-image size-large\"><img loading=\"lazy\" decoding=\"async\" width=\"473\" height=\"1024\" data-id=\"3553\" src=\"https:\/\/www.tibetgermany.de\/wp-content\/uploads\/2026\/08\/WhatsApp-Image-2026-08-31-at-17.21.32-16-473x1024.jpeg\" alt=\"\" class=\"wp-image-3553\"\/><\/figure>\n\n\n\n<figure class=\"wp-block-image size-large\"><img loading=\"lazy\" decoding=\"async\" width=\"473\" height=\"1024\" data-id=\"3550\" src=\"https:\/\/www.tibetgermany.de\/wp-content\/uploads\/2026\/08\/WhatsApp-Image-2026-08-31-at-17.21.32-17-473x1024.jpeg\" alt=\"\" class=\"wp-image-3550\"\/><\/figure>\n\n\n\n<figure class=\"wp-block-image size-large\"><img loading=\"lazy\" decoding=\"async\" width=\"473\" height=\"1024\" data-id=\"3563\" src=\"https:\/\/www.tibetgermany.de\/wp-content\/uploads\/2026\/08\/WhatsApp-Image-2026-08-31-at-17.21.32-18-473x1024.jpeg\" alt=\"\" class=\"wp-image-3563\"\/><\/figure>\n\n\n\n<figure class=\"wp-block-image size-large\"><img loading=\"lazy\" decoding=\"async\" width=\"473\" height=\"1024\" data-id=\"3546\" src=\"https:\/\/www.tibetgermany.de\/wp-content\/uploads\/2026\/08\/WhatsApp-Image-2026-08-31-at-17.21.32-473x1024.jpeg\" alt=\"\" class=\"wp-image-3546\"\/><\/figure>\n\n\n\n<figure class=\"wp-block-image size-large\"><img loading=\"lazy\" decoding=\"async\" width=\"473\" height=\"1024\" data-id=\"3547\" src=\"https:\/\/www.tibetgermany.de\/wp-content\/uploads\/2026\/08\/WhatsApp-Image-2026-08-31-at-17.21.33-1-473x1024.jpeg\" alt=\"\" class=\"wp-image-3547\"\/><\/figure>\n\n\n\n<figure class=\"wp-block-image size-large\"><img loading=\"lazy\" decoding=\"async\" width=\"1024\" height=\"473\" data-id=\"3569\" src=\"https:\/\/www.tibetgermany.de\/wp-content\/uploads\/2026\/08\/WhatsApp-Image-2026-08-31-at-17.21.33-2-1024x473.jpeg\" alt=\"\" class=\"wp-image-3569\" srcset=\"https:\/\/www.tibetgermany.de\/wp-content\/uploads\/2026\/08\/WhatsApp-Image-2026-08-31-at-17.21.33-2-980x453.jpeg 980w, https:\/\/www.tibetgermany.de\/wp-content\/uploads\/2026\/08\/WhatsApp-Image-2026-08-31-at-17.21.33-2-480x222.jpeg 480w\" sizes=\"auto, (min-width: 0px) and (max-width: 480px) 480px, (min-width: 481px) and (max-width: 980px) 980px, (min-width: 981px) 1024px, 100vw\" \/><\/figure>\n\n\n\n<figure class=\"wp-block-image size-large\"><img loading=\"lazy\" decoding=\"async\" width=\"473\" height=\"1024\" data-id=\"3566\" src=\"https:\/\/www.tibetgermany.de\/wp-content\/uploads\/2026\/08\/WhatsApp-Image-2026-08-31-at-17.21.33-3-473x1024.jpeg\" alt=\"\" class=\"wp-image-3566\"\/><\/figure>\n\n\n\n<figure class=\"wp-block-image size-large\"><img loading=\"lazy\" decoding=\"async\" width=\"473\" height=\"1024\" data-id=\"3564\" src=\"https:\/\/www.tibetgermany.de\/wp-content\/uploads\/2026\/08\/WhatsApp-Image-2026-08-31-at-17.21.33-4-473x1024.jpeg\" alt=\"\" class=\"wp-image-3564\"\/><\/figure>\n\n\n\n<figure class=\"wp-block-image size-large\"><img loading=\"lazy\" decoding=\"async\" width=\"473\" height=\"1024\" data-id=\"3568\" src=\"https:\/\/www.tibetgermany.de\/wp-content\/uploads\/2026\/08\/WhatsApp-Image-2026-08-31-at-17.21.33-5-473x1024.jpeg\" alt=\"\" class=\"wp-image-3568\"\/><\/figure>\n\n\n\n<figure class=\"wp-block-image size-large\"><img loading=\"lazy\" decoding=\"async\" width=\"1024\" height=\"473\" data-id=\"3560\" src=\"https:\/\/www.tibetgermany.de\/wp-content\/uploads\/2026\/08\/WhatsApp-Image-2026-08-31-at-17.21.33-6-1024x473.jpeg\" alt=\"\" class=\"wp-image-3560\" srcset=\"https:\/\/www.tibetgermany.de\/wp-content\/uploads\/2026\/08\/WhatsApp-Image-2026-08-31-at-17.21.33-6-980x453.jpeg 980w, https:\/\/www.tibetgermany.de\/wp-content\/uploads\/2026\/08\/WhatsApp-Image-2026-08-31-at-17.21.33-6-480x222.jpeg 480w\" sizes=\"auto, (min-width: 0px) and (max-width: 480px) 480px, (min-width: 481px) and (max-width: 980px) 980px, (min-width: 981px) 1024px, 100vw\" \/><\/figure>\n\n\n\n<figure class=\"wp-block-image size-large\"><img loading=\"lazy\" decoding=\"async\" width=\"1024\" height=\"473\" data-id=\"3567\" src=\"https:\/\/www.tibetgermany.de\/wp-content\/uploads\/2026\/08\/WhatsApp-Image-2026-08-31-at-17.21.33-7-1024x473.jpeg\" alt=\"\" class=\"wp-image-3567\" srcset=\"https:\/\/www.tibetgermany.de\/wp-content\/uploads\/2026\/08\/WhatsApp-Image-2026-08-31-at-17.21.33-7-980x453.jpeg 980w, https:\/\/www.tibetgermany.de\/wp-content\/uploads\/2026\/08\/WhatsApp-Image-2026-08-31-at-17.21.33-7-480x222.jpeg 480w\" sizes=\"auto, (min-width: 0px) and (max-width: 480px) 480px, (min-width: 481px) and (max-width: 980px) 980px, (min-width: 981px) 1024px, 100vw\" \/><\/figure>\n\n\n\n<figure class=\"wp-block-image size-large\"><img loading=\"lazy\" decoding=\"async\" width=\"1024\" height=\"473\" data-id=\"3562\" src=\"https:\/\/www.tibetgermany.de\/wp-content\/uploads\/2026\/08\/WhatsApp-Image-2026-08-31-at-17.21.33-8-1024x473.jpeg\" alt=\"\" class=\"wp-image-3562\" srcset=\"https:\/\/www.tibetgermany.de\/wp-content\/uploads\/2026\/08\/WhatsApp-Image-2026-08-31-at-17.21.33-8-980x453.jpeg 980w, https:\/\/www.tibetgermany.de\/wp-content\/uploads\/2026\/08\/WhatsApp-Image-2026-08-31-at-17.21.33-8-480x222.jpeg 480w\" sizes=\"auto, (min-width: 0px) and (max-width: 480px) 480px, (min-width: 481px) and (max-width: 980px) 980px, (min-width: 981px) 1024px, 100vw\" \/><\/figure>\n\n\n\n<figure class=\"wp-block-image size-large\"><img loading=\"lazy\" decoding=\"async\" width=\"473\" height=\"1024\" data-id=\"3549\" src=\"https:\/\/www.tibetgermany.de\/wp-content\/uploads\/2026\/08\/WhatsApp-Image-2026-08-31-at-17.21.33-473x1024.jpeg\" alt=\"\" class=\"wp-image-3549\"\/><\/figure>\n\n\n\n<figure class=\"wp-block-image size-large\"><img loading=\"lazy\" decoding=\"async\" width=\"473\" height=\"1024\" data-id=\"3541\" src=\"https:\/\/www.tibetgermany.de\/wp-content\/uploads\/2026\/08\/WhatsApp-Image-2026-08-31-at-17.21.30-473x1024.jpeg\" alt=\"\" class=\"wp-image-3541\"\/><\/figure>\n\n\n\n<figure class=\"wp-block-image size-large\"><img loading=\"lazy\" decoding=\"async\" width=\"473\" height=\"1024\" data-id=\"3565\" src=\"https:\/\/www.tibetgermany.de\/wp-content\/uploads\/2026\/08\/WhatsApp-Image-2026-08-31-at-17.21.33-9-473x1024.jpeg\" alt=\"\" class=\"wp-image-3565\"\/><\/figure>\n<\/figure>","protected":false},"excerpt":{"rendered":"<p>Berlin, 31. August 2026 \u2013 Vom 29. bis 30. August fand in Berlin die 5. Generalversammlung der tibetischen Gemeinschaften in Europa statt. Die von der Verein der Tibeter in Deutschland e.V (VTD) und dem Office of Tibet in Genf, Schweiz, organisierte Konferenz versammelte Pr\u00e4sidenten, Vizepr\u00e4sidenten und Delegierte tibetischer Verb\u00e4nde aus zw\u00f6lf europ\u00e4ischen L\u00e4ndern. Teil nahmen [&hellip;]<\/p>\n","protected":false},"author":2,"featured_media":3534,"comment_status":"closed","ping_status":"closed","sticky":false,"template":"","format":"standard","meta":{"give_campaign_id":0,"_et_pb_use_builder":"","_et_pb_old_content":"","_et_gb_content_width":"","footnotes":""},"categories":[1],"tags":[],"class_list":["post-3532","post","type-post","status-publish","format-standard","has-post-thumbnail","hentry","category-dalai-lama"],"_links":{"self":[{"href":"https:\/\/www.tibetgermany.de\/de\/wp-json\/wp\/v2\/posts\/3532","targetHints":{"allow":["GET"]}}],"collection":[{"href":"https:\/\/www.tibetgermany.de\/de\/wp-json\/wp\/v2\/posts"}],"about":[{"href":"https:\/\/www.tibetgermany.de\/de\/wp-json\/wp\/v2\/types\/post"}],"author":[{"embeddable":true,"href":"https:\/\/www.tibetgermany.de\/de\/wp-json\/wp\/v2\/users\/2"}],"replies":[{"embeddable":true,"href":"https:\/\/www.tibetgermany.de\/de\/wp-json\/wp\/v2\/comments?post=3532"}],"version-history":[{"count":2,"href":"https:\/\/www.tibetgermany.de\/de\/wp-json\/wp\/v2\/posts\/3532\/revisions"}],"predecessor-version":[{"id":3574,"href":"https:\/\/www.tibetgermany.de\/de\/wp-json\/wp\/v2\/posts\/3532\/revisions\/3574"}],"wp:featuredmedia":[{"embeddable":true,"href":"https:\/\/www.tibetgermany.de\/de\/wp-json\/wp\/v2\/media\/3534"}],"wp:attachment":[{"href":"https:\/\/www.tibetgermany.de\/de\/wp-json\/wp\/v2\/media?parent=3532"}],"wp:term":[{"taxonomy":"category","embeddable":true,"href":"https:\/\/www.tibetgermany.de\/de\/wp-json\/wp\/v2\/categories?post=3532"},{"taxonomy":"post_tag","embeddable":true,"href":"https:\/\/www.tibetgermany.de\/de\/wp-json\/wp\/v2\/tags?post=3532"}],"curies":[{"name":"wp","href":"https:\/\/api.w.org\/{rel}","templated":true}]}}