{"id":3124,"date":"2026-03-11T15:25:02","date_gmt":"2026-03-11T15:25:02","guid":{"rendered":"https:\/\/www.tibetgermany.de\/?p=3124"},"modified":"2026-03-11T15:51:55","modified_gmt":"2026-03-11T15:51:55","slug":"gedenken-an-den-67-jahrestag-des-tibetischen-volksaufstands","status":"publish","type":"post","link":"https:\/\/www.tibetgermany.de\/de\/gedenken-an-den-67-jahrestag-des-tibetischen-volksaufstands\/","title":{"rendered":"Gedenken an den 67. Jahrestag des tibetischen Volksaufstands"},"content":{"rendered":"<p><strong>Berlin, 10. M\u00e4rz \u2013 67 Jahre Tibetischer Nationalaufstand<\/strong><\/p>\n\n\n\n<p class=\"has-text-align-left\">Heute versammelten sich Tibeterinnen und Tibeter sowie Unterst\u00fctzerinnen und Unterst\u00fctzer aus ganz Deutschland in Berlin, um des <strong>67. Jahrestages des Tibetischen Nationalaufstands von 1959<\/strong> zu gedenken. Die Protest- und Gedenkdemonstration wurde gemeinsam von der <strong>Association of Tibetans in Germany (Verein der Tibeter in Deutschland)<\/strong> und <strong>Tibet Initiative Deutschland<\/strong> organisiert.<\/p>\n\n\n\n<p class=\"has-text-align-left\">Mit tibetischen Fahnen, Gebeten und entschlossenen Stimmen zogen die Teilnehmenden durch die Stra\u00dfen der Hauptstadt, um an den mutigen Widerstand des tibetischen Volkes gegen Unterdr\u00fcckung zu erinnern. Der 10. M\u00e4rz steht seit 1959 als Symbol f\u00fcr den unersch\u00fctterlichen Wunsch der Tibeterinnen und Tibeter nach Freiheit, W\u00fcrde und dem Recht, ihre Kultur, Religion und Identit\u00e4t selbst zu bestimmen.<\/p>\n\n\n\n<p class=\"has-text-align-left\">An der Demonstration nahm auch <strong>Thinlay Chukki<\/strong>, die Repr\u00e4sentantin des B\u00fcros Seiner Heiligkeit des Dalai Lama in Genf, teil. In ihrer eindringlichen Rede rief sie die Tibeterinnen und Tibeter dazu auf, in dieser entscheidenden Zeit geschlossen und vereint zu bleiben. Gleichzeitig appellierte sie an die internationale Gemeinschaft, Regierungen und zivilgesellschaftliche Organisationen, sich klar an die Seite Tibets zu stellen und f\u00fcr Gerechtigkeit sowie die Einhaltung der Menschenrechte einzutreten.<\/p>\n\n\n\n<figure class=\"wp-block-image size-large\"><img loading=\"lazy\" decoding=\"async\" width=\"1024\" height=\"768\" src=\"https:\/\/www.tibetgermany.de\/wp-content\/uploads\/2026\/03\/thinlay-Chukki1-1024x768.jpeg\" alt=\"\" class=\"wp-image-3132\" srcset=\"https:\/\/www.tibetgermany.de\/wp-content\/uploads\/2026\/03\/thinlay-Chukki1-980x735.jpeg 980w, https:\/\/www.tibetgermany.de\/wp-content\/uploads\/2026\/03\/thinlay-Chukki1-480x360.jpeg 480w\" sizes=\"auto, (min-width: 0px) and (max-width: 480px) 480px, (min-width: 481px) and (max-width: 980px) 980px, (min-width: 981px) 1024px, 100vw\" \/><\/figure>\n\n\n\n<p>Auch Dundup Donka, der Pr\u00e4sident des <strong>Vereins der Tibeter in Deutschland<\/strong> richtete deutliche Worte an die \u00d6ffentlichkeit. Er forderte die deutsche Bundesregierung sowie die <strong>Europ\u00e4ische Union<\/strong> auf, entschieden gegen das System der kolonialen Internatsschulen in Tibet Stellung zu beziehen. Diese Schulen seien Teil einer gezielten Politik der chinesischen Regierung, die darauf abziele, die tibetische Identit\u00e4t, Sprache und Kultur systematisch zu schw\u00e4chen und langfristig auszul\u00f6schen.<\/p>\n\n\n\n<figure class=\"wp-block-gallery aligncenter has-nested-images columns-default is-cropped wp-block-gallery-1 is-layout-flex wp-block-gallery-is-layout-flex\">\n<figure class=\"wp-block-image size-large\"><img loading=\"lazy\" decoding=\"async\" width=\"1024\" height=\"768\" data-id=\"3130\" src=\"https:\/\/www.tibetgermany.de\/wp-content\/uploads\/2026\/03\/Kids2-1-1024x768.jpeg\" alt=\"\" class=\"wp-image-3130\" srcset=\"https:\/\/www.tibetgermany.de\/wp-content\/uploads\/2026\/03\/Kids2-1-980x735.jpeg 980w, https:\/\/www.tibetgermany.de\/wp-content\/uploads\/2026\/03\/Kids2-1-480x360.jpeg 480w\" sizes=\"auto, (min-width: 0px) and (max-width: 480px) 480px, (min-width: 481px) and (max-width: 980px) 980px, (min-width: 981px) 1024px, 100vw\" \/><\/figure>\n<\/figure>\n\n\n\n<p>Er erkl\u00e4rte eindringlich:<br>\u201e<strong>Wenn Kinder ihre Sprache verlieren, verlieren sie ihre Geschichten. Wenn sie ihre Geschichten verlieren, verlieren sie ihre Identit\u00e4t. Diese Politik ist ein Versuch, Tibet zu assimilieren \u2013 eine Form kultureller Ausl\u00f6schung.<\/strong>\u201c<\/p>\n\n\n\n<p>Auch nach 67 Jahren bleibt die Situation in Tibet von schwerwiegenden Einschr\u00e4nkungen der Menschenrechte gepr\u00e4gt. Kl\u00f6ster werden \u00fcberwacht, die tibetische Sprache und Kultur geraten zunehmend unter Druck, und viele Tibeterinnen und Tibeter leben weiterhin im Exil. Doch trotz dieser Herausforderungen lebt der Geist des Widerstands und der Hoffnung weiter.<\/p>\n\n\n\n<p>Die heutige Demonstration in Berlin war daher nicht nur ein Akt des Gedenkens, sondern auch ein kraftvoller Aufruf an die internationale Gemeinschaft und die deutsche Politik, die Situation in Tibet nicht zu vergessen. Freiheit, Menschenrechte und kulturelle Selbstbestimmung sind universelle Werte \u2013 sie d\u00fcrfen nicht dem politischen oder wirtschaftlichen Druck geopfert werden.<\/p>\n\n\n\n<p>Wir erinnern uns an die Opfer von 1959 und an alle, die bis heute f\u00fcr Tibet ihre Stimme erheben. Ihr Mut verpflichtet uns, weiter zu sprechen, weiter zu handeln und weiter Solidarit\u00e4t zu zeigen.<\/p>\n\n\n\n<p><strong>Tibet wird nicht vergessen.<\/strong><\/p>\n\n\n\n<p><strong>Lang lebe der Dalai Lama!<\/strong><br><strong>Bodh Gyalo \u2013 Sieg f\u00fcr Tibet.<\/strong><\/p>\n\n\n\n<figure class=\"wp-block-gallery has-nested-images columns-default is-cropped wp-block-gallery-2 is-layout-flex wp-block-gallery-is-layout-flex\">\n<figure class=\"wp-block-image size-large\"><img loading=\"lazy\" decoding=\"async\" width=\"1024\" height=\"768\" data-id=\"3145\" src=\"https:\/\/www.tibetgermany.de\/wp-content\/uploads\/2026\/03\/Dun-Tenzyn-1-1024x768.jpeg\" alt=\"\" class=\"wp-image-3145\" srcset=\"https:\/\/www.tibetgermany.de\/wp-content\/uploads\/2026\/03\/Dun-Tenzyn-1-980x735.jpeg 980w, https:\/\/www.tibetgermany.de\/wp-content\/uploads\/2026\/03\/Dun-Tenzyn-1-480x360.jpeg 480w\" sizes=\"auto, (min-width: 0px) and (max-width: 480px) 480px, (min-width: 481px) and (max-width: 980px) 980px, (min-width: 981px) 1024px, 100vw\" \/><\/figure>\n\n\n\n<figure class=\"wp-block-image size-large\"><img loading=\"lazy\" decoding=\"async\" width=\"768\" height=\"1024\" data-id=\"3141\" src=\"https:\/\/www.tibetgermany.de\/wp-content\/uploads\/2026\/03\/Dundup-mit-Frau-Meier-768x1024.jpeg\" alt=\"\" class=\"wp-image-3141\"\/><\/figure>\n\n\n\n<figure class=\"wp-block-image size-large\"><img loading=\"lazy\" decoding=\"async\" width=\"1024\" height=\"768\" data-id=\"3138\" src=\"https:\/\/www.tibetgermany.de\/wp-content\/uploads\/2026\/03\/1-1024x768.jpeg\" alt=\"\" class=\"wp-image-3138\" srcset=\"https:\/\/www.tibetgermany.de\/wp-content\/uploads\/2026\/03\/1-980x735.jpeg 980w, https:\/\/www.tibetgermany.de\/wp-content\/uploads\/2026\/03\/1-480x360.jpeg 480w\" sizes=\"auto, (min-width: 0px) and (max-width: 480px) 480px, (min-width: 481px) and (max-width: 980px) 980px, (min-width: 981px) 1024px, 100vw\" \/><\/figure>\n\n\n\n<figure class=\"wp-block-image size-large\"><img loading=\"lazy\" decoding=\"async\" width=\"1024\" height=\"768\" data-id=\"3144\" src=\"https:\/\/www.tibetgermany.de\/wp-content\/uploads\/2026\/03\/Embassy-1024x768.jpeg\" alt=\"\" class=\"wp-image-3144\" srcset=\"https:\/\/www.tibetgermany.de\/wp-content\/uploads\/2026\/03\/Embassy-980x735.jpeg 980w, https:\/\/www.tibetgermany.de\/wp-content\/uploads\/2026\/03\/Embassy-480x360.jpeg 480w\" sizes=\"auto, (min-width: 0px) and (max-width: 480px) 480px, (min-width: 481px) and (max-width: 980px) 980px, (min-width: 981px) 1024px, 100vw\" \/><\/figure>\n\n\n\n<figure class=\"wp-block-image size-large\"><img loading=\"lazy\" decoding=\"async\" width=\"461\" height=\"1024\" data-id=\"3140\" src=\"https:\/\/www.tibetgermany.de\/wp-content\/uploads\/2026\/03\/Karma3-461x1024.jpeg\" alt=\"\" class=\"wp-image-3140\"\/><\/figure>\n\n\n\n<figure class=\"wp-block-image size-large\"><img loading=\"lazy\" decoding=\"async\" width=\"768\" height=\"1024\" data-id=\"3142\" src=\"https:\/\/www.tibetgermany.de\/wp-content\/uploads\/2026\/03\/March14-1-768x1024.jpeg\" alt=\"\" class=\"wp-image-3142\"\/><\/figure>\n\n\n\n<figure class=\"wp-block-image size-large\"><img loading=\"lazy\" decoding=\"async\" width=\"1024\" height=\"768\" data-id=\"3143\" src=\"https:\/\/www.tibetgermany.de\/wp-content\/uploads\/2026\/03\/March1-1-1024x768.jpeg\" alt=\"\" class=\"wp-image-3143\" srcset=\"https:\/\/www.tibetgermany.de\/wp-content\/uploads\/2026\/03\/March1-1-980x735.jpeg 980w, https:\/\/www.tibetgermany.de\/wp-content\/uploads\/2026\/03\/March1-1-480x360.jpeg 480w\" sizes=\"auto, (min-width: 0px) and (max-width: 480px) 480px, (min-width: 481px) and (max-width: 980px) 980px, (min-width: 981px) 1024px, 100vw\" \/><\/figure>\n\n\n\n<figure class=\"wp-block-image size-large\"><img loading=\"lazy\" decoding=\"async\" width=\"1024\" height=\"768\" data-id=\"3146\" src=\"https:\/\/www.tibetgermany.de\/wp-content\/uploads\/2026\/03\/Thinlay-Chukki-1024x768.jpeg\" alt=\"\" class=\"wp-image-3146\" srcset=\"https:\/\/www.tibetgermany.de\/wp-content\/uploads\/2026\/03\/Thinlay-Chukki-980x735.jpeg 980w, https:\/\/www.tibetgermany.de\/wp-content\/uploads\/2026\/03\/Thinlay-Chukki-480x360.jpeg 480w\" sizes=\"auto, (min-width: 0px) and (max-width: 480px) 480px, (min-width: 481px) and (max-width: 980px) 980px, (min-width: 981px) 1024px, 100vw\" \/><\/figure>\n\n\n\n<figure class=\"wp-block-image size-large\"><img loading=\"lazy\" decoding=\"async\" width=\"1024\" height=\"768\" data-id=\"3148\" src=\"https:\/\/www.tibetgermany.de\/wp-content\/uploads\/2026\/03\/Yangchen-1024x768.jpeg\" alt=\"\" class=\"wp-image-3148\" srcset=\"https:\/\/www.tibetgermany.de\/wp-content\/uploads\/2026\/03\/Yangchen-980x735.jpeg 980w, https:\/\/www.tibetgermany.de\/wp-content\/uploads\/2026\/03\/Yangchen-480x360.jpeg 480w\" sizes=\"auto, (min-width: 0px) and (max-width: 480px) 480px, (min-width: 481px) and (max-width: 980px) 980px, (min-width: 981px) 1024px, 100vw\" \/><\/figure>\n<\/figure>\n\n\n\n<div class=\"wp-block-group is-layout-constrained wp-block-group-is-layout-constrained\"><\/div>","protected":false},"excerpt":{"rendered":"<p>Berlin, 10. M\u00e4rz \u2013 67 Jahre Tibetischer Nationalaufstand Heute versammelten sich Tibeterinnen und Tibeter sowie Unterst\u00fctzerinnen und Unterst\u00fctzer aus ganz Deutschland in Berlin, um des 67. Jahrestages des Tibetischen Nationalaufstands von 1959 zu gedenken. Die Protest- und Gedenkdemonstration wurde gemeinsam von der Association of Tibetans in Germany (Verein der Tibeter in Deutschland) und Tibet Initiative [&hellip;]<\/p>\n","protected":false},"author":2,"featured_media":3126,"comment_status":"closed","ping_status":"closed","sticky":false,"template":"","format":"standard","meta":{"give_campaign_id":0,"_et_pb_use_builder":"","_et_pb_old_content":"","_et_gb_content_width":"","footnotes":""},"categories":[1],"tags":[],"class_list":["post-3124","post","type-post","status-publish","format-standard","has-post-thumbnail","hentry","category-dalai-lama"],"_links":{"self":[{"href":"https:\/\/www.tibetgermany.de\/de\/wp-json\/wp\/v2\/posts\/3124","targetHints":{"allow":["GET"]}}],"collection":[{"href":"https:\/\/www.tibetgermany.de\/de\/wp-json\/wp\/v2\/posts"}],"about":[{"href":"https:\/\/www.tibetgermany.de\/de\/wp-json\/wp\/v2\/types\/post"}],"author":[{"embeddable":true,"href":"https:\/\/www.tibetgermany.de\/de\/wp-json\/wp\/v2\/users\/2"}],"replies":[{"embeddable":true,"href":"https:\/\/www.tibetgermany.de\/de\/wp-json\/wp\/v2\/comments?post=3124"}],"version-history":[{"count":4,"href":"https:\/\/www.tibetgermany.de\/de\/wp-json\/wp\/v2\/posts\/3124\/revisions"}],"predecessor-version":[{"id":3149,"href":"https:\/\/www.tibetgermany.de\/de\/wp-json\/wp\/v2\/posts\/3124\/revisions\/3149"}],"wp:featuredmedia":[{"embeddable":true,"href":"https:\/\/www.tibetgermany.de\/de\/wp-json\/wp\/v2\/media\/3126"}],"wp:attachment":[{"href":"https:\/\/www.tibetgermany.de\/de\/wp-json\/wp\/v2\/media?parent=3124"}],"wp:term":[{"taxonomy":"category","embeddable":true,"href":"https:\/\/www.tibetgermany.de\/de\/wp-json\/wp\/v2\/categories?post=3124"},{"taxonomy":"post_tag","embeddable":true,"href":"https:\/\/www.tibetgermany.de\/de\/wp-json\/wp\/v2\/tags?post=3124"}],"curies":[{"name":"wp","href":"https:\/\/api.w.org\/{rel}","templated":true}]}}